{"id":1614,"global_id":"www.musikverlag-nickel.eu\/NEWS-BLOG?id=1614","global_id_lineage":["www.musikverlag-nickel.eu\/NEWS-BLOG?id=1614"],"author":"1","status":"publish","date":"2020-10-09 10:15:24","date_utc":"2020-10-09 08:15:24","modified":"2020-10-09 10:15:24","modified_utc":"2020-10-09 08:15:24","url":"http:\/\/www.musikverlag-nickel.eu\/NEWS-BLOG\/?tribe_events=portraitkontert-andras-hamary","rest_url":"http:\/\/www.musikverlag-nickel.eu\/NEWS-BLOG\/index.php?rest_route=\/tribe\/events\/v1\/events\/1614","title":"Portraitkontert Andr\u00e1s Hamary","description":"<p>PORTRAITKONZERT ZUM 70. GEBURTSTAG VON ANDR\u00c1S HAMARY<\/p>\n<p><a href=\"http:\/\/www.musikverlag-nickel.eu\/NEWS-BLOG\/?attachment_id=1615#main\" rel=\"attachment wp-att-1615\"><img loading=\"lazy\" decoding=\"async\" class=\"alignleft size-medium wp-image-1615\" src=\"http:\/\/www.musikverlag-nickel.eu\/NEWS-BLOG\/wp-content\/uploads\/2020\/10\/PORTRAITKONZERT3-213x300.jpg\" alt=\"\" width=\"213\" height=\"300\" srcset=\"http:\/\/www.musikverlag-nickel.eu\/NEWS-BLOG\/wp-content\/uploads\/2020\/10\/PORTRAITKONZERT3-213x300.jpg 213w, http:\/\/www.musikverlag-nickel.eu\/NEWS-BLOG\/wp-content\/uploads\/2020\/10\/PORTRAITKONZERT3-scaled-600x845.jpg 600w, http:\/\/www.musikverlag-nickel.eu\/NEWS-BLOG\/wp-content\/uploads\/2020\/10\/PORTRAITKONZERT3-727x1024.jpg 727w, http:\/\/www.musikverlag-nickel.eu\/NEWS-BLOG\/wp-content\/uploads\/2020\/10\/PORTRAITKONZERT3-768x1082.jpg 768w, http:\/\/www.musikverlag-nickel.eu\/NEWS-BLOG\/wp-content\/uploads\/2020\/10\/PORTRAITKONZERT3-1090x1536.jpg 1090w, http:\/\/www.musikverlag-nickel.eu\/NEWS-BLOG\/wp-content\/uploads\/2020\/10\/PORTRAITKONZERT3-1454x2048.jpg 1454w, http:\/\/www.musikverlag-nickel.eu\/NEWS-BLOG\/wp-content\/uploads\/2020\/10\/PORTRAITKONZERT3-680x958.jpg 680w, http:\/\/www.musikverlag-nickel.eu\/NEWS-BLOG\/wp-content\/uploads\/2020\/10\/PORTRAITKONZERT3-920x1296.jpg 920w, http:\/\/www.musikverlag-nickel.eu\/NEWS-BLOG\/wp-content\/uploads\/2020\/10\/PORTRAITKONZERT3-scaled.jpg 1817w\" sizes=\"auto, (max-width: 213px) 100vw, 213px\" \/><\/a><\/p>","excerpt":"","slug":"portraitkontert-andras-hamary","image":false,"all_day":false,"start_date":"2020-10-21 19:30:00","start_date_details":{"year":"2020","month":"10","day":"21","hour":"19","minutes":"30","seconds":"00"},"end_date":"2020-10-21 22:00:00","end_date_details":{"year":"2020","month":"10","day":"21","hour":"22","minutes":"00","seconds":"00"},"utc_start_date":"2020-10-21 17:30:00","utc_start_date_details":{"year":"2020","month":"10","day":"21","hour":"17","minutes":"30","seconds":"00"},"utc_end_date":"2020-10-21 20:00:00","utc_end_date_details":{"year":"2020","month":"10","day":"21","hour":"20","minutes":"00","seconds":"00"},"timezone":"UTC+2","timezone_abbr":"UTC+2","cost":"","cost_details":{"currency_symbol":"","currency_code":"","currency_position":"prefix","values":[]},"website":"","show_map":true,"show_map_link":true,"hide_from_listings":false,"sticky":false,"featured":false,"categories":[],"tags":[],"venue":{"id":1617,"author":"1","status":"publish","date":"2020-10-09 10:15:25","date_utc":"2020-10-09 08:15:25","modified":"2020-10-09 10:15:25","modified_utc":"2020-10-09 08:15:25","url":"http:\/\/www.musikverlag-nickel.eu\/NEWS-BLOG\/?tribe_venue=theatersaal-bibrastrasse","venue":"Theatersaal Bibrastra\u00dfe","slug":"theatersaal-bibrastrasse","city":"W\u00fcrzburg","json_ld":{"@type":"Place","name":"Theatersaal Bibrastra\u00dfe","description":"","url":"","address":{"@type":"PostalAddress","addressLocality":"W\u00fcrzburg"},"telephone":"","sameAs":""},"show_map":true,"show_map_link":true,"global_id":"www.musikverlag-nickel.eu\/NEWS-BLOG?id=1617","global_id_lineage":["www.musikverlag-nickel.eu\/NEWS-BLOG?id=1617"]},"organizer":[],"custom_fields":[],"json_ld":{"@context":"http:\/\/schema.org","@type":"Event","name":"Portraitkontert Andr\u00e1s Hamary","description":"&lt;p&gt;PORTRAITKONZERT ZUM 70. GEBURTSTAG VON ANDR\u00c1S HAMARY&lt;\/p&gt;\\n","url":"http:\/\/www.musikverlag-nickel.eu\/NEWS-BLOG\/?tribe_events=portraitkontert-andras-hamary","eventAttendanceMode":"https:\/\/schema.org\/OfflineEventAttendanceMode","eventStatus":"https:\/\/schema.org\/EventScheduled","startDate":"2020-10-21T19:30:00+02:00","endDate":"2020-10-21T22:00:00+02:00","location":{"@type":"Place","name":"Theatersaal Bibrastra\u00dfe","description":"","url":"","address":{"@type":"PostalAddress","addressLocality":"W\u00fcrzburg"},"telephone":"","sameAs":""},"performer":"Organization"}}