{"id":1009,"date":"2018-02-19T14:02:44","date_gmt":"2018-02-19T12:02:44","guid":{"rendered":"http:\/\/www.musikverlag-nickel.eu\/NEWS-BLOG\/?p=1009"},"modified":"2018-02-19T14:02:44","modified_gmt":"2018-02-19T12:02:44","slug":"cd-produktion-mit-elisabeth-weinzierl-und-edmund-waechter","status":"publish","type":"post","link":"http:\/\/www.musikverlag-nickel.eu\/NEWS-BLOG\/?p=1009","title":{"rendered":"CD-Produktion mit Elisabeth Weinzierl und Edmund W\u00e4chter"},"content":{"rendered":"<p><a href=\"http:\/\/www.musikverlag-nickel.eu\/NEWS-BLOG\/?attachment_id=1010#main\" rel=\"attachment wp-att-1010\"><img loading=\"lazy\" decoding=\"async\" class=\"alignleft size-medium wp-image-1010\" src=\"http:\/\/www.musikverlag-nickel.eu\/NEWS-BLOG\/wp-content\/uploads\/2018\/02\/Foto-3-300x159.jpg\" alt=\"\" width=\"300\" height=\"159\" srcset=\"http:\/\/www.musikverlag-nickel.eu\/NEWS-BLOG\/wp-content\/uploads\/2018\/02\/Foto-3-300x159.jpg 300w, http:\/\/www.musikverlag-nickel.eu\/NEWS-BLOG\/wp-content\/uploads\/2018\/02\/Foto-3-600x317.jpg 600w, http:\/\/www.musikverlag-nickel.eu\/NEWS-BLOG\/wp-content\/uploads\/2018\/02\/Foto-3-768x406.jpg 768w, http:\/\/www.musikverlag-nickel.eu\/NEWS-BLOG\/wp-content\/uploads\/2018\/02\/Foto-3-1024x542.jpg 1024w, http:\/\/www.musikverlag-nickel.eu\/NEWS-BLOG\/wp-content\/uploads\/2018\/02\/Foto-3-680x360.jpg 680w, http:\/\/www.musikverlag-nickel.eu\/NEWS-BLOG\/wp-content\/uploads\/2018\/02\/Foto-3-920x487.jpg 920w\" sizes=\"auto, (max-width: 300px) 100vw, 300px\" \/><\/a>Aschermittwoch in der Himmelfahrtskirche: ruhige und konzentrierte Atmosph\u00e4re bei der Aufnahme der &#8222;Sonatine&#8220; von Volker Nickel im Rahmen der neuen CD des Fl\u00f6ten-Duos Elisabeth Weinzierl und Edmund W\u00e4chter.<\/p>\n","protected":false},"excerpt":{"rendered":"<p>Aschermittwoch in der Himmelfahrtskirche: ruhige und konzentrierte Atmosph\u00e4re bei der Aufnahme der &#8222;Sonatine&#8220; von Volker Nickel im Rahmen der neuen CD des Fl\u00f6ten-Duos Elisabeth Weinzierl und Edmund W\u00e4chter.<\/p>\n","protected":false},"author":1,"featured_media":0,"comment_status":"open","ping_status":"open","sticky":false,"template":"","format":"standard","meta":{"footnotes":""},"categories":[15,4,8],"tags":[],"class_list":["post-1009","post","type-post","status-publish","format-standard","hentry","category-info","category-neuerscheinungen","category-volker-nickel"],"_links":{"self":[{"href":"http:\/\/www.musikverlag-nickel.eu\/NEWS-BLOG\/index.php?rest_route=\/wp\/v2\/posts\/1009","targetHints":{"allow":["GET"]}}],"collection":[{"href":"http:\/\/www.musikverlag-nickel.eu\/NEWS-BLOG\/index.php?rest_route=\/wp\/v2\/posts"}],"about":[{"href":"http:\/\/www.musikverlag-nickel.eu\/NEWS-BLOG\/index.php?rest_route=\/wp\/v2\/types\/post"}],"author":[{"embeddable":true,"href":"http:\/\/www.musikverlag-nickel.eu\/NEWS-BLOG\/index.php?rest_route=\/wp\/v2\/users\/1"}],"replies":[{"embeddable":true,"href":"http:\/\/www.musikverlag-nickel.eu\/NEWS-BLOG\/index.php?rest_route=%2Fwp%2Fv2%2Fcomments&post=1009"}],"version-history":[{"count":1,"href":"http:\/\/www.musikverlag-nickel.eu\/NEWS-BLOG\/index.php?rest_route=\/wp\/v2\/posts\/1009\/revisions"}],"predecessor-version":[{"id":1011,"href":"http:\/\/www.musikverlag-nickel.eu\/NEWS-BLOG\/index.php?rest_route=\/wp\/v2\/posts\/1009\/revisions\/1011"}],"wp:attachment":[{"href":"http:\/\/www.musikverlag-nickel.eu\/NEWS-BLOG\/index.php?rest_route=%2Fwp%2Fv2%2Fmedia&parent=1009"}],"wp:term":[{"taxonomy":"category","embeddable":true,"href":"http:\/\/www.musikverlag-nickel.eu\/NEWS-BLOG\/index.php?rest_route=%2Fwp%2Fv2%2Fcategories&post=1009"},{"taxonomy":"post_tag","embeddable":true,"href":"http:\/\/www.musikverlag-nickel.eu\/NEWS-BLOG\/index.php?rest_route=%2Fwp%2Fv2%2Ftags&post=1009"}],"curies":[{"name":"wp","href":"https:\/\/api.w.org\/{rel}","templated":true}]}}