{"id":1025,"date":"2018-03-08T12:28:27","date_gmt":"2018-03-08T10:28:27","guid":{"rendered":"http:\/\/www.musikverlag-nickel.eu\/NEWS-BLOG\/?p=1025"},"modified":"2018-03-08T13:14:17","modified_gmt":"2018-03-08T11:14:17","slug":"lovers-maze","status":"publish","type":"post","link":"http:\/\/www.musikverlag-nickel.eu\/NEWS-BLOG\/?p=1025","title":{"rendered":"&#8222;Lover&#8217;s Maze&#8220;"},"content":{"rendered":"<p>&#8222;Lover&#8217;s Maze &#8211; Kl\u00e4nge aus dem Irrgarten der Liebe&#8220;<br \/>\nWerke von Burkhardt S\u00f6ll und Volker Blumenthaler.<br \/>\nDen musikalischen Bildern stehen gleichzeitig Grafiken und Fotografien gegen\u00fcber.<br \/>\nAm 9.3.2018 um 19.30 Uhr im Kunstmuseum Bayreuth<\/p>\n<p><a href=\"http:\/\/www.zeit-fuer-neue-musik.de\/index.php?Itemid=5\">http:\/\/www.zeit-fuer-neue-musik.de\/index.php?Itemid=5<\/a><\/p>\n","protected":false},"excerpt":{"rendered":"<p>&#8222;Lover&#8217;s Maze &#8211; Kl\u00e4nge aus dem Irrgarten der Liebe&#8220; Werke von Burkhardt S\u00f6ll und Volker Blumenthaler. Den musikalischen Bildern stehen gleichzeitig Grafiken und Fotografien gegen\u00fcber. Am 9.3.2018 um 19.30 Uhr [&hellip;]<\/p>\n","protected":false},"author":1,"featured_media":0,"comment_status":"open","ping_status":"open","sticky":false,"template":"","format":"standard","meta":{"footnotes":""},"categories":[1,12,18],"tags":[],"class_list":["post-1025","post","type-post","status-publish","format-standard","hentry","category-allgemein","category-konzerte","category-volker-blumenthaler"],"_links":{"self":[{"href":"http:\/\/www.musikverlag-nickel.eu\/NEWS-BLOG\/index.php?rest_route=\/wp\/v2\/posts\/1025","targetHints":{"allow":["GET"]}}],"collection":[{"href":"http:\/\/www.musikverlag-nickel.eu\/NEWS-BLOG\/index.php?rest_route=\/wp\/v2\/posts"}],"about":[{"href":"http:\/\/www.musikverlag-nickel.eu\/NEWS-BLOG\/index.php?rest_route=\/wp\/v2\/types\/post"}],"author":[{"embeddable":true,"href":"http:\/\/www.musikverlag-nickel.eu\/NEWS-BLOG\/index.php?rest_route=\/wp\/v2\/users\/1"}],"replies":[{"embeddable":true,"href":"http:\/\/www.musikverlag-nickel.eu\/NEWS-BLOG\/index.php?rest_route=%2Fwp%2Fv2%2Fcomments&post=1025"}],"version-history":[{"count":2,"href":"http:\/\/www.musikverlag-nickel.eu\/NEWS-BLOG\/index.php?rest_route=\/wp\/v2\/posts\/1025\/revisions"}],"predecessor-version":[{"id":1027,"href":"http:\/\/www.musikverlag-nickel.eu\/NEWS-BLOG\/index.php?rest_route=\/wp\/v2\/posts\/1025\/revisions\/1027"}],"wp:attachment":[{"href":"http:\/\/www.musikverlag-nickel.eu\/NEWS-BLOG\/index.php?rest_route=%2Fwp%2Fv2%2Fmedia&parent=1025"}],"wp:term":[{"taxonomy":"category","embeddable":true,"href":"http:\/\/www.musikverlag-nickel.eu\/NEWS-BLOG\/index.php?rest_route=%2Fwp%2Fv2%2Fcategories&post=1025"},{"taxonomy":"post_tag","embeddable":true,"href":"http:\/\/www.musikverlag-nickel.eu\/NEWS-BLOG\/index.php?rest_route=%2Fwp%2Fv2%2Ftags&post=1025"}],"curies":[{"name":"wp","href":"https:\/\/api.w.org\/{rel}","templated":true}]}}