{"id":1622,"date":"2021-08-25T08:43:58","date_gmt":"2021-08-25T06:43:58","guid":{"rendered":"http:\/\/www.musikverlag-nickel.eu\/NEWS-BLOG\/?p=1622"},"modified":"2021-08-25T09:13:29","modified_gmt":"2021-08-25T07:13:29","slug":"in-memoriam-anton-ruppert","status":"publish","type":"post","link":"http:\/\/www.musikverlag-nickel.eu\/NEWS-BLOG\/?p=1622","title":{"rendered":"In Memoriam Anton Ruppert"},"content":{"rendered":"\n<p>Im Rahmen der Festwoche 75 Jahre Tonk\u00fcnstler M\u00fcnchen e.V. spielt das Ensemble JUMBLEx ein Konzert &#8222;In Memoriam Anton Ruppert&#8220; &#8211; darunter eine seiner sp\u00e4ten Arbeiten, das Duo &#8222;In der Zwischenzeit&#8220; f\u00fcr Violoncello und Klavier. <\/p>\n\n\n\n<p>Das Konzert findet statt am 21.09.2021 in der Reihe &#8222;Musikforum M\u00fcnchen&#8220; um 20.00 Uhr im Rubinstein-Saal, Landsberger Stra\u00dfe 336, 80687 M\u00fcnchen&nbsp;<\/p>\n\n\n\n<figure class=\"wp-block-image size-large is-resized\"><a href=\"http:\/\/www.musikverlag-nickel.eu\/NEWS-BLOG\/wp-content\/uploads\/2019\/04\/Anton-Ruppert.jpeg\"><img loading=\"lazy\" decoding=\"async\" src=\"http:\/\/www.musikverlag-nickel.eu\/NEWS-BLOG\/wp-content\/uploads\/2019\/04\/Anton-Ruppert-817x1024.jpeg\" alt=\"\" class=\"wp-image-1481\" width=\"311\" height=\"390\" srcset=\"http:\/\/www.musikverlag-nickel.eu\/NEWS-BLOG\/wp-content\/uploads\/2019\/04\/Anton-Ruppert-817x1024.jpeg 817w, http:\/\/www.musikverlag-nickel.eu\/NEWS-BLOG\/wp-content\/uploads\/2019\/04\/Anton-Ruppert-600x752.jpeg 600w, http:\/\/www.musikverlag-nickel.eu\/NEWS-BLOG\/wp-content\/uploads\/2019\/04\/Anton-Ruppert-239x300.jpeg 239w, http:\/\/www.musikverlag-nickel.eu\/NEWS-BLOG\/wp-content\/uploads\/2019\/04\/Anton-Ruppert-768x962.jpeg 768w, http:\/\/www.musikverlag-nickel.eu\/NEWS-BLOG\/wp-content\/uploads\/2019\/04\/Anton-Ruppert-680x852.jpeg 680w, http:\/\/www.musikverlag-nickel.eu\/NEWS-BLOG\/wp-content\/uploads\/2019\/04\/Anton-Ruppert-920x1153.jpeg 920w, http:\/\/www.musikverlag-nickel.eu\/NEWS-BLOG\/wp-content\/uploads\/2019\/04\/Anton-Ruppert.jpeg 1315w\" sizes=\"auto, (max-width: 311px) 100vw, 311px\" \/><\/a><\/figure>\n","protected":false},"excerpt":{"rendered":"<p>Im Rahmen der Festwoche 75 Jahre Tonk\u00fcnstler M\u00fcnchen e.V. spielt das Ensemble JUMBLEx ein Konzert &#8222;In Memoriam Anton Ruppert&#8220; &#8211; darunter eine seiner sp\u00e4ten Arbeiten, das Duo &#8222;In der Zwischenzeit&#8220; [&hellip;]<\/p>\n","protected":false},"author":1,"featured_media":0,"comment_status":"open","ping_status":"open","sticky":false,"template":"","format":"standard","meta":{"footnotes":""},"categories":[1,6],"tags":[],"class_list":["post-1622","post","type-post","status-publish","format-standard","hentry","category-allgemein","category-anton-ruppert"],"_links":{"self":[{"href":"http:\/\/www.musikverlag-nickel.eu\/NEWS-BLOG\/index.php?rest_route=\/wp\/v2\/posts\/1622","targetHints":{"allow":["GET"]}}],"collection":[{"href":"http:\/\/www.musikverlag-nickel.eu\/NEWS-BLOG\/index.php?rest_route=\/wp\/v2\/posts"}],"about":[{"href":"http:\/\/www.musikverlag-nickel.eu\/NEWS-BLOG\/index.php?rest_route=\/wp\/v2\/types\/post"}],"author":[{"embeddable":true,"href":"http:\/\/www.musikverlag-nickel.eu\/NEWS-BLOG\/index.php?rest_route=\/wp\/v2\/users\/1"}],"replies":[{"embeddable":true,"href":"http:\/\/www.musikverlag-nickel.eu\/NEWS-BLOG\/index.php?rest_route=%2Fwp%2Fv2%2Fcomments&post=1622"}],"version-history":[{"count":2,"href":"http:\/\/www.musikverlag-nickel.eu\/NEWS-BLOG\/index.php?rest_route=\/wp\/v2\/posts\/1622\/revisions"}],"predecessor-version":[{"id":1633,"href":"http:\/\/www.musikverlag-nickel.eu\/NEWS-BLOG\/index.php?rest_route=\/wp\/v2\/posts\/1622\/revisions\/1633"}],"wp:attachment":[{"href":"http:\/\/www.musikverlag-nickel.eu\/NEWS-BLOG\/index.php?rest_route=%2Fwp%2Fv2%2Fmedia&parent=1622"}],"wp:term":[{"taxonomy":"category","embeddable":true,"href":"http:\/\/www.musikverlag-nickel.eu\/NEWS-BLOG\/index.php?rest_route=%2Fwp%2Fv2%2Fcategories&post=1622"},{"taxonomy":"post_tag","embeddable":true,"href":"http:\/\/www.musikverlag-nickel.eu\/NEWS-BLOG\/index.php?rest_route=%2Fwp%2Fv2%2Ftags&post=1622"}],"curies":[{"name":"wp","href":"https:\/\/api.w.org\/{rel}","templated":true}]}}