{"id":192,"date":"2014-04-04T21:48:54","date_gmt":"2014-04-04T19:48:54","guid":{"rendered":"http:\/\/www.musikverlag-nickel.eu\/NEWS-BLOG\/?p=192"},"modified":"2014-04-15T09:32:35","modified_gmt":"2014-04-15T07:32:35","slug":"ua-drei-stuecke-fuer-violoncello-und-klavier-von-hans-juergen-von-bose","status":"publish","type":"post","link":"http:\/\/www.musikverlag-nickel.eu\/NEWS-BLOG\/?p=192","title":{"rendered":"UA &#8222;Maschine, Lied, Threnodie&#8220; f\u00fcr Violoncello und Klavier von Hans-J\u00fcrgen von Bose"},"content":{"rendered":"<p><a href=\"http:\/\/www.musikverlag-nickel.eu\/NEWS-BLOG\/wp-content\/uploads\/2014\/04\/Hans-Ju\u0308rgen-von-Bose-1.jpg\"><img loading=\"lazy\" decoding=\"async\" class=\"alignleft size-medium wp-image-194\" alt=\"Hans-Ju\u0308rgen von Bose 1\" src=\"http:\/\/www.musikverlag-nickel.eu\/NEWS-BLOG\/wp-content\/uploads\/2014\/04\/Hans-Ju\u0308rgen-von-Bose-1-300x225.jpg\" width=\"300\" height=\"225\" srcset=\"http:\/\/www.musikverlag-nickel.eu\/NEWS-BLOG\/wp-content\/uploads\/2014\/04\/Hans-Ju\u0308rgen-von-Bose-1-300x225.jpg 300w, http:\/\/www.musikverlag-nickel.eu\/NEWS-BLOG\/wp-content\/uploads\/2014\/04\/Hans-Ju\u0308rgen-von-Bose-1-600x450.jpg 600w, http:\/\/www.musikverlag-nickel.eu\/NEWS-BLOG\/wp-content\/uploads\/2014\/04\/Hans-Ju\u0308rgen-von-Bose-1-1024x768.jpg 1024w, http:\/\/www.musikverlag-nickel.eu\/NEWS-BLOG\/wp-content\/uploads\/2014\/04\/Hans-Ju\u0308rgen-von-Bose-1.jpg 1280w\" sizes=\"auto, (max-width: 300px) 100vw, 300px\" \/><\/a><\/p>\n<p>&nbsp;<\/p>\n<p>&nbsp;<\/p>\n<p>&nbsp;<\/p>\n<p>&nbsp;<\/p>\n<p>&nbsp;<\/p>\n<p>&nbsp;<\/p>\n<p>Am Montag den 7. April findet um 20 Uhr die Urauff\u00fchrung der &#8222;Drei St\u00fccke f\u00fcr Violoncello und Klavier&#8220; von Hans-J\u00fcrgen von Bose im Einstein in M\u00fcnchen statt. Au\u00dferdem spielen Johannes Gutfleisch (Violoncello) und Andreas Skouras (Klavier) Urauff\u00fchrungen von Alexander Strauch (&#8222;So what?&#8220;) und Anton Ruppert (&#8222;In der Zwischenzeit&#8220;), sowie den &#8222;L\u00e4ndler&#8220; f\u00fcr Violoncello Solo von Volker Nickel.<\/p>\n","protected":false},"excerpt":{"rendered":"<p>&nbsp; &nbsp; &nbsp; &nbsp; &nbsp; &nbsp; Am Montag den 7. April findet um 20 Uhr die Urauff\u00fchrung der &#8222;Drei St\u00fccke f\u00fcr Violoncello und Klavier&#8220; von Hans-J\u00fcrgen von Bose im Einstein [&hellip;]<\/p>\n","protected":false},"author":1,"featured_media":0,"comment_status":"open","ping_status":"open","sticky":false,"template":"","format":"standard","meta":{"footnotes":""},"categories":[5,1,6,16,13],"tags":[],"class_list":["post-192","post","type-post","status-publish","format-standard","hentry","category-alexander-strauch","category-allgemein","category-anton-ruppert","category-hans-juergen-von-bose","category-urauffuehrungen"],"_links":{"self":[{"href":"http:\/\/www.musikverlag-nickel.eu\/NEWS-BLOG\/index.php?rest_route=\/wp\/v2\/posts\/192","targetHints":{"allow":["GET"]}}],"collection":[{"href":"http:\/\/www.musikverlag-nickel.eu\/NEWS-BLOG\/index.php?rest_route=\/wp\/v2\/posts"}],"about":[{"href":"http:\/\/www.musikverlag-nickel.eu\/NEWS-BLOG\/index.php?rest_route=\/wp\/v2\/types\/post"}],"author":[{"embeddable":true,"href":"http:\/\/www.musikverlag-nickel.eu\/NEWS-BLOG\/index.php?rest_route=\/wp\/v2\/users\/1"}],"replies":[{"embeddable":true,"href":"http:\/\/www.musikverlag-nickel.eu\/NEWS-BLOG\/index.php?rest_route=%2Fwp%2Fv2%2Fcomments&post=192"}],"version-history":[{"count":4,"href":"http:\/\/www.musikverlag-nickel.eu\/NEWS-BLOG\/index.php?rest_route=\/wp\/v2\/posts\/192\/revisions"}],"predecessor-version":[{"id":220,"href":"http:\/\/www.musikverlag-nickel.eu\/NEWS-BLOG\/index.php?rest_route=\/wp\/v2\/posts\/192\/revisions\/220"}],"wp:attachment":[{"href":"http:\/\/www.musikverlag-nickel.eu\/NEWS-BLOG\/index.php?rest_route=%2Fwp%2Fv2%2Fmedia&parent=192"}],"wp:term":[{"taxonomy":"category","embeddable":true,"href":"http:\/\/www.musikverlag-nickel.eu\/NEWS-BLOG\/index.php?rest_route=%2Fwp%2Fv2%2Fcategories&post=192"},{"taxonomy":"post_tag","embeddable":true,"href":"http:\/\/www.musikverlag-nickel.eu\/NEWS-BLOG\/index.php?rest_route=%2Fwp%2Fv2%2Ftags&post=192"}],"curies":[{"name":"wp","href":"https:\/\/api.w.org\/{rel}","templated":true}]}}