{"id":411,"date":"2015-02-17T23:40:11","date_gmt":"2015-02-17T21:40:11","guid":{"rendered":"http:\/\/www.musikverlag-nickel.eu\/NEWS-BLOG\/?p=411"},"modified":"2015-02-17T23:40:11","modified_gmt":"2015-02-17T21:40:11","slug":"fredrik-schwenk-im-musikverlag-v-nickel","status":"publish","type":"post","link":"http:\/\/www.musikverlag-nickel.eu\/NEWS-BLOG\/?p=411","title":{"rendered":"Fredrik Schwenk im Musikverlag V. Nickel"},"content":{"rendered":"<p>Fredrik Schwenk, 1960 in M\u00fcnchen geboren, studierte Kunstgeschichte und Theaterwissenschaften an der Ludwig-Maximilians-Universit\u00e4t, sowie Komposition bei Wilhelm Killmayer an der Hochschule f\u00fcr Musik und Theater in M\u00fcnchen. Zu den Interpreten seiner Musik z\u00e4hlen viele international renommierte K\u00fcnstler und Ensembles, wie Niklas Schmidt, Georg Glasl oder German Brass, und sein umfangreiches Schaffen f\u00fcr das Musiktheater (mit Werken wie &#8222;Il conte dimmezzato&#8220;, &#8222;Pan in Oslo&#8220; ode<span class=\"text_exposed_show\">r &#8222;GehenGehenGehen&#8220;) findet mit Auff\u00fchrungen an vielen Theatern des deutschsprachigen Raums bis hin zur M\u00fcnchener Biennale gro\u00dfe Beachtung. Ebenso seine Kompositionen f\u00fcr Orchester, wie &#8222;Pro*Epimetheus&#8220; oder &#8222;SturmStoffTr\u00e4ume&#8220;.<br \/>\nFredrik Schwenks Arbeit wurde mit vielen internationalen Preisen ausgezeichnet, darunter den Carl-Orff-Preis f\u00fcr zeitgen\u00f6ssisches Musiktheater (M\u00fcnchen 1995) und den Reinl-Preis f\u00fcr &#8222;Kakerlakenritual&#8220; (Wien 1998). Fredrik Schwenk war Stipendiat an der Cit\u00e9 Internationale des Arts in Paris (1989) und der Fondation Hindemith (Blonay CH 1990). 1992 erhielt er das Kulturf\u00f6rderstipendium der Stadt M\u00fcnchen. <\/span><\/p>\n<div class=\"text_exposed_show\">\n<p>Von 1991 bis 19<a href=\"http:\/\/www.musikverlag-nickel.eu\/NEWS-BLOG\/wp-content\/uploads\/2015\/02\/Fredrik-Schwenk-2.jpg\"><img loading=\"lazy\" decoding=\"async\" class=\"alignleft  wp-image-416\" src=\"http:\/\/www.musikverlag-nickel.eu\/NEWS-BLOG\/wp-content\/uploads\/2015\/02\/Fredrik-Schwenk-2.jpg\" alt=\"Fredrik Schwenk 2\" width=\"209\" height=\"314\" \/><\/a>93 leitete er den Opernworkshop, sp\u00e4ter auch den H\u00f6rspielworkshop des Internationalen Jugendfestspieltreffens in Bayreuth, und war von 1992 bis 1999 Vorstandsmitglied des aDevantgarde e.V.<br \/>\nAls Hochschullehrer f\u00fchrte ihn sein Weg \u00fcber Stationen in M\u00fcnchen und an der Hochschule N\u00fcrnberg-Augsburg an die Hochschule f\u00fcr Musik und Theater der Freien und Hansestadt Hamburg, wo er seit 2000 als Professor f\u00fcr Musiktheorie und Komposition unterrichtet (Studiendekan von 2004 bis 2010) und zusammen mit Peter Michael Hamel das durch die Zeitstiftung in Hamburg gef\u00f6rderte Studio 21 leitete.<\/p>\n<p>Seit 2007 ist er Mitglied des Lehrk\u00f6rpers der Andreas-Franke-Akademie f\u00fcr Jungstudierende und seit 2009 k\u00fcnstlerischer Leiter der durch das Europ\u00e4ische Netzwerk &#8222;Ulysses&#8220; gef\u00f6rderten Akademie Opus XXI f\u00fcr zeitgen\u00f6ssische Musik. Als Mitinitiator leitet er den durch die EU gef\u00f6rderten internationalen Copeco-Masterstudiengang f\u00fcr zeitgen\u00f6ssische Musik zwischen den Hochschulen Tallinn, Stockholm, Lyon und Hamburg. Von 2008 bis 2012 war er Mitglied des k\u00fcnstlerischen Beirats von KLANG, einer Initiative der Kulturstiftung des Bundes zur F\u00f6rderung der zeitgen\u00f6ssischen Musik in Deutschland. Seit 2011 leitet er das LZO Baden-W\u00fcrttemberg. Fredrik Schwenk lebt und arbeitet in Hamburg.<\/p>\n<\/div>\n<p>&nbsp;<\/p>\n<p><a href=\"http:\/\/www.musikverlag-nickel.eu\/NEWS-BLOG\/wp-content\/uploads\/2015\/02\/Fredrik-Schwenk-2.jpg\">\u00a0<\/a><\/p>\n<p>&nbsp;<\/p>\n","protected":false},"excerpt":{"rendered":"<p>Fredrik Schwenk, 1960 in M\u00fcnchen geboren, studierte Kunstgeschichte und Theaterwissenschaften an der Ludwig-Maximilians-Universit\u00e4t, sowie Komposition bei Wilhelm Killmayer an der Hochschule f\u00fcr Musik und Theater in M\u00fcnchen. Zu den Interpreten [&hellip;]<\/p>\n","protected":false},"author":1,"featured_media":0,"comment_status":"open","ping_status":"open","sticky":false,"template":"","format":"standard","meta":{"footnotes":""},"categories":[1,24,15,4],"tags":[],"class_list":["post-411","post","type-post","status-publish","format-standard","hentry","category-allgemein","category-fredrik-schwenk","category-info","category-neuerscheinungen"],"_links":{"self":[{"href":"http:\/\/www.musikverlag-nickel.eu\/NEWS-BLOG\/index.php?rest_route=\/wp\/v2\/posts\/411","targetHints":{"allow":["GET"]}}],"collection":[{"href":"http:\/\/www.musikverlag-nickel.eu\/NEWS-BLOG\/index.php?rest_route=\/wp\/v2\/posts"}],"about":[{"href":"http:\/\/www.musikverlag-nickel.eu\/NEWS-BLOG\/index.php?rest_route=\/wp\/v2\/types\/post"}],"author":[{"embeddable":true,"href":"http:\/\/www.musikverlag-nickel.eu\/NEWS-BLOG\/index.php?rest_route=\/wp\/v2\/users\/1"}],"replies":[{"embeddable":true,"href":"http:\/\/www.musikverlag-nickel.eu\/NEWS-BLOG\/index.php?rest_route=%2Fwp%2Fv2%2Fcomments&post=411"}],"version-history":[{"count":9,"href":"http:\/\/www.musikverlag-nickel.eu\/NEWS-BLOG\/index.php?rest_route=\/wp\/v2\/posts\/411\/revisions"}],"predecessor-version":[{"id":425,"href":"http:\/\/www.musikverlag-nickel.eu\/NEWS-BLOG\/index.php?rest_route=\/wp\/v2\/posts\/411\/revisions\/425"}],"wp:attachment":[{"href":"http:\/\/www.musikverlag-nickel.eu\/NEWS-BLOG\/index.php?rest_route=%2Fwp%2Fv2%2Fmedia&parent=411"}],"wp:term":[{"taxonomy":"category","embeddable":true,"href":"http:\/\/www.musikverlag-nickel.eu\/NEWS-BLOG\/index.php?rest_route=%2Fwp%2Fv2%2Fcategories&post=411"},{"taxonomy":"post_tag","embeddable":true,"href":"http:\/\/www.musikverlag-nickel.eu\/NEWS-BLOG\/index.php?rest_route=%2Fwp%2Fv2%2Ftags&post=411"}],"curies":[{"name":"wp","href":"https:\/\/api.w.org\/{rel}","templated":true}]}}