{"id":464,"date":"2015-03-06T13:31:35","date_gmt":"2015-03-06T11:31:35","guid":{"rendered":"http:\/\/www.musikverlag-nickel.eu\/NEWS-BLOG\/?p=464"},"modified":"2015-03-06T13:37:36","modified_gmt":"2015-03-06T11:37:36","slug":"fredrik-schwenk-zweites-trio-abgesang","status":"publish","type":"post","link":"http:\/\/www.musikverlag-nickel.eu\/NEWS-BLOG\/?p=464","title":{"rendered":"Fredrik Schwenk: Zweites Trio &#038; Abgesang"},"content":{"rendered":"<p><strong><span style=\"color: #008080;\">NEUERSCHEINUNG FR\u00dcHJAHR 2015 <\/span><\/strong><\/p>\n<p><span style=\"color: #008080;\">Mit &#8222;Zweites Trio &amp; Abgesang&#8220; k\u00f6nnen wir in diesem Fr\u00fchjahr erstmals ein St\u00fcck von <a href=\"http:\/\/musikverlag-nickel.eu\/Autoren\/Schwenk.html\" target=\"_blank\">Fredrik Schwenk<\/a> pr\u00e4sentieren. Wer seine Musik kennt wei\u00df, welche ganz besondere Freude das f\u00fcr uns und den Verlag ist! Der &#8222;Abgesang&#8220; erscheint auch in einer Einzelausgabe f\u00fcr Violoncello solo.<\/span><\/p>\n<p><a href=\"http:\/\/musikverlag-nickel.eu\/Autoren\/Schwenk.html\" target=\"_blank\"><img loading=\"lazy\" decoding=\"async\" class=\"alignleft wp-image-465 size-medium\" src=\"http:\/\/www.musikverlag-nickel.eu\/NEWS-BLOG\/wp-content\/uploads\/2015\/03\/MVN-60_Bild-1-212x300.jpg\" alt=\"MVN 60_Bild 1\" width=\"212\" height=\"300\" srcset=\"http:\/\/www.musikverlag-nickel.eu\/NEWS-BLOG\/wp-content\/uploads\/2015\/03\/MVN-60_Bild-1-212x300.jpg 212w, http:\/\/www.musikverlag-nickel.eu\/NEWS-BLOG\/wp-content\/uploads\/2015\/03\/MVN-60_Bild-1-600x848.jpg 600w, http:\/\/www.musikverlag-nickel.eu\/NEWS-BLOG\/wp-content\/uploads\/2015\/03\/MVN-60_Bild-1-724x1024.jpg 724w, http:\/\/www.musikverlag-nickel.eu\/NEWS-BLOG\/wp-content\/uploads\/2015\/03\/MVN-60_Bild-1-680x961.jpg 680w, http:\/\/www.musikverlag-nickel.eu\/NEWS-BLOG\/wp-content\/uploads\/2015\/03\/MVN-60_Bild-1-920x1301.jpg 920w, http:\/\/www.musikverlag-nickel.eu\/NEWS-BLOG\/wp-content\/uploads\/2015\/03\/MVN-60_Bild-1.jpg 1240w\" sizes=\"auto, (max-width: 212px) 100vw, 212px\" \/><\/a><\/p>\n<p>&nbsp;<\/p>\n<p>&nbsp;<\/p>\n<p>&nbsp;<\/p>\n<p>&nbsp;<\/p>\n<p>&nbsp;<\/p>\n<p>&nbsp;<\/p>\n<p>&nbsp;<\/p>\n<p>&nbsp;<\/p>\n<p><span style=\"color: #008080;\">Fredrik Schwenk: Zweites Trio und Abgesang<\/span><br \/>\n<span style=\"color: #008080;\">f\u00fcr Violine, Violoncello und Klavier <\/span><br \/>\n<span style=\"color: #008080;\">ISMN 979-0-700344-08-5<\/span><br \/>\n<span style=\"color: #008080;\">Verlagsnummer MVN 60<\/span><\/p>\n<p><span style=\"color: #008080;\">\u00a0<\/span><\/p>\n","protected":false},"excerpt":{"rendered":"<p>NEUERSCHEINUNG FR\u00dcHJAHR 2015 Mit &#8222;Zweites Trio &amp; Abgesang&#8220; k\u00f6nnen wir in diesem Fr\u00fchjahr erstmals ein St\u00fcck von Fredrik Schwenk pr\u00e4sentieren. Wer seine Musik kennt wei\u00df, welche ganz besondere Freude das [&hellip;]<\/p>\n","protected":false},"author":1,"featured_media":0,"comment_status":"open","ping_status":"open","sticky":false,"template":"","format":"standard","meta":{"footnotes":""},"categories":[1,24,15,4],"tags":[],"class_list":["post-464","post","type-post","status-publish","format-standard","hentry","category-allgemein","category-fredrik-schwenk","category-info","category-neuerscheinungen"],"_links":{"self":[{"href":"http:\/\/www.musikverlag-nickel.eu\/NEWS-BLOG\/index.php?rest_route=\/wp\/v2\/posts\/464","targetHints":{"allow":["GET"]}}],"collection":[{"href":"http:\/\/www.musikverlag-nickel.eu\/NEWS-BLOG\/index.php?rest_route=\/wp\/v2\/posts"}],"about":[{"href":"http:\/\/www.musikverlag-nickel.eu\/NEWS-BLOG\/index.php?rest_route=\/wp\/v2\/types\/post"}],"author":[{"embeddable":true,"href":"http:\/\/www.musikverlag-nickel.eu\/NEWS-BLOG\/index.php?rest_route=\/wp\/v2\/users\/1"}],"replies":[{"embeddable":true,"href":"http:\/\/www.musikverlag-nickel.eu\/NEWS-BLOG\/index.php?rest_route=%2Fwp%2Fv2%2Fcomments&post=464"}],"version-history":[{"count":12,"href":"http:\/\/www.musikverlag-nickel.eu\/NEWS-BLOG\/index.php?rest_route=\/wp\/v2\/posts\/464\/revisions"}],"predecessor-version":[{"id":477,"href":"http:\/\/www.musikverlag-nickel.eu\/NEWS-BLOG\/index.php?rest_route=\/wp\/v2\/posts\/464\/revisions\/477"}],"wp:attachment":[{"href":"http:\/\/www.musikverlag-nickel.eu\/NEWS-BLOG\/index.php?rest_route=%2Fwp%2Fv2%2Fmedia&parent=464"}],"wp:term":[{"taxonomy":"category","embeddable":true,"href":"http:\/\/www.musikverlag-nickel.eu\/NEWS-BLOG\/index.php?rest_route=%2Fwp%2Fv2%2Fcategories&post=464"},{"taxonomy":"post_tag","embeddable":true,"href":"http:\/\/www.musikverlag-nickel.eu\/NEWS-BLOG\/index.php?rest_route=%2Fwp%2Fv2%2Ftags&post=464"}],"curies":[{"name":"wp","href":"https:\/\/api.w.org\/{rel}","templated":true}]}}