{"id":478,"date":"2015-03-06T21:31:02","date_gmt":"2015-03-06T19:31:02","guid":{"rendered":"http:\/\/www.musikverlag-nickel.eu\/NEWS-BLOG\/?p=478"},"modified":"2015-03-07T00:17:33","modified_gmt":"2015-03-06T22:17:33","slug":"478","status":"publish","type":"post","link":"http:\/\/www.musikverlag-nickel.eu\/NEWS-BLOG\/?p=478","title":{"rendered":"Klaviermusik von Volker Blumenthaler"},"content":{"rendered":"<p><strong><span style=\"color: #008080;\">Urauff\u00fchrung von Volker Blumenthalers Klavierst\u00fcck &#8222;OT &#8211; 230514&#8220; am 15.3.2015\u00a0<\/span><\/strong><strong><span style=\"color: #008080;\">anl\u00e4sslich des 60. Geburtstags von Michael Denhoff.<\/span><\/strong><\/p>\n<p><span style=\"color: #008080;\">Trinitatiskirche<\/span><br \/>\n<span style=\"color: #008080;\"> Brahmsstr. 14<\/span><br \/>\n<span style=\"color: #008080;\"> 53121 Bonn<\/span><\/p>\n<p><span style=\"color: #008080;\">Eintritt 10 \u20ac<\/span><\/p>\n<p><span style=\"color: #008080;\">Der gesamte Zyklus von <a href=\"http:\/\/musikverlag-nickel.eu\/Autoren\/Blumenthaler.html\" target=\"_blank\">Volker Blumenthaler<\/a>\u00a0&#8222;OT &#8211; St\u00fccke f\u00fcr Klavier&#8220; erscheint im Musikverlag V. Nickel, M\u00fcnchen. <\/span><br \/>\n<span style=\"color: #008080;\"> ISMN 979-0-700344-11-5<\/span><br \/>\n<span style=\"color: #008080;\"> Verlagsnummer MVN 63<\/span><\/p>\n<p><span style=\"color: #008080;\">Die Komposition erscheint zugleich in einer Festschrift f\u00fcr Michael Denhoff (Edition Gravis).<\/span><\/p>\n<p>&nbsp;<\/p>\n<p>&nbsp;<\/p>\n","protected":false},"excerpt":{"rendered":"<p>Urauff\u00fchrung von Volker Blumenthalers Klavierst\u00fcck &#8222;OT &#8211; 230514&#8220; am 15.3.2015\u00a0anl\u00e4sslich des 60. Geburtstags von Michael Denhoff. Trinitatiskirche Brahmsstr. 14 53121 Bonn Eintritt 10 \u20ac Der gesamte Zyklus von Volker Blumenthaler\u00a0&#8222;OT [&hellip;]<\/p>\n","protected":false},"author":1,"featured_media":0,"comment_status":"open","ping_status":"open","sticky":false,"template":"","format":"standard","meta":{"footnotes":""},"categories":[15,12,4,13,18],"tags":[],"class_list":["post-478","post","type-post","status-publish","format-standard","hentry","category-info","category-konzerte","category-neuerscheinungen","category-urauffuehrungen","category-volker-blumenthaler"],"_links":{"self":[{"href":"http:\/\/www.musikverlag-nickel.eu\/NEWS-BLOG\/index.php?rest_route=\/wp\/v2\/posts\/478","targetHints":{"allow":["GET"]}}],"collection":[{"href":"http:\/\/www.musikverlag-nickel.eu\/NEWS-BLOG\/index.php?rest_route=\/wp\/v2\/posts"}],"about":[{"href":"http:\/\/www.musikverlag-nickel.eu\/NEWS-BLOG\/index.php?rest_route=\/wp\/v2\/types\/post"}],"author":[{"embeddable":true,"href":"http:\/\/www.musikverlag-nickel.eu\/NEWS-BLOG\/index.php?rest_route=\/wp\/v2\/users\/1"}],"replies":[{"embeddable":true,"href":"http:\/\/www.musikverlag-nickel.eu\/NEWS-BLOG\/index.php?rest_route=%2Fwp%2Fv2%2Fcomments&post=478"}],"version-history":[{"count":5,"href":"http:\/\/www.musikverlag-nickel.eu\/NEWS-BLOG\/index.php?rest_route=\/wp\/v2\/posts\/478\/revisions"}],"predecessor-version":[{"id":483,"href":"http:\/\/www.musikverlag-nickel.eu\/NEWS-BLOG\/index.php?rest_route=\/wp\/v2\/posts\/478\/revisions\/483"}],"wp:attachment":[{"href":"http:\/\/www.musikverlag-nickel.eu\/NEWS-BLOG\/index.php?rest_route=%2Fwp%2Fv2%2Fmedia&parent=478"}],"wp:term":[{"taxonomy":"category","embeddable":true,"href":"http:\/\/www.musikverlag-nickel.eu\/NEWS-BLOG\/index.php?rest_route=%2Fwp%2Fv2%2Fcategories&post=478"},{"taxonomy":"post_tag","embeddable":true,"href":"http:\/\/www.musikverlag-nickel.eu\/NEWS-BLOG\/index.php?rest_route=%2Fwp%2Fv2%2Ftags&post=478"}],"curies":[{"name":"wp","href":"https:\/\/api.w.org\/{rel}","templated":true}]}}