{"id":703,"date":"2016-02-16T10:32:15","date_gmt":"2016-02-16T08:32:15","guid":{"rendered":"http:\/\/www.musikverlag-nickel.eu\/NEWS-BLOG\/?p=703"},"modified":"2016-02-16T10:32:15","modified_gmt":"2016-02-16T08:32:15","slug":"neuerscheinung-von-andras-hamary","status":"publish","type":"post","link":"http:\/\/www.musikverlag-nickel.eu\/NEWS-BLOG\/?p=703","title":{"rendered":"Neuerscheinung von Andr\u00e1s Hamary"},"content":{"rendered":"<p><a href=\"http:\/\/www.musikverlag-nickel.eu\/NEWS-BLOG\/wp-content\/uploads\/2016\/02\/MVN-76_Bild-1.jpg\"><img loading=\"lazy\" decoding=\"async\" class=\"alignleft  wp-image-704\" src=\"http:\/\/www.musikverlag-nickel.eu\/NEWS-BLOG\/wp-content\/uploads\/2016\/02\/MVN-76_Bild-1-212x300.jpg\" alt=\"MVN 76_Bild 1\" width=\"267\" height=\"378\" srcset=\"http:\/\/www.musikverlag-nickel.eu\/NEWS-BLOG\/wp-content\/uploads\/2016\/02\/MVN-76_Bild-1-212x300.jpg 212w, http:\/\/www.musikverlag-nickel.eu\/NEWS-BLOG\/wp-content\/uploads\/2016\/02\/MVN-76_Bild-1-600x848.jpg 600w, http:\/\/www.musikverlag-nickel.eu\/NEWS-BLOG\/wp-content\/uploads\/2016\/02\/MVN-76_Bild-1-724x1024.jpg 724w, http:\/\/www.musikverlag-nickel.eu\/NEWS-BLOG\/wp-content\/uploads\/2016\/02\/MVN-76_Bild-1-680x961.jpg 680w, http:\/\/www.musikverlag-nickel.eu\/NEWS-BLOG\/wp-content\/uploads\/2016\/02\/MVN-76_Bild-1-920x1301.jpg 920w, http:\/\/www.musikverlag-nickel.eu\/NEWS-BLOG\/wp-content\/uploads\/2016\/02\/MVN-76_Bild-1.jpg 1240w\" sizes=\"auto, (max-width: 267px) 100vw, 267px\" \/><\/a><span data-offset-key=\"6fsd7-0-0\"><span data-text=\"true\">Frisch aus der Druckerpresse! Andr\u00e1s Hamarys Zyklus &#8222;Jelek&#8220; geh\u00f6rt zu den eigenwilligsten und faszinierendsten Klavierkompositionen der letzten Jahre und war zuletzt u.a. in M\u00fcnchen in einem Konzert in der Bayerischen Akademie der K\u00fcnste mit einem grandiosen Moritz Eggert am Klavier zu h\u00f6ren. Die Ausgabe erscheint mit einem ausf\u00fchrlichen Vorwort von Thomas Kabisch. <\/span><\/span><\/p>\n<p>Andr\u00e1s Hamary: Jelek<br \/>\n9 St\u00fccke f\u00fcr Klavier<br \/>\nISMN 979-0-700344-23-8<br \/>\nVerlagsnummer MVN 76<\/p>\n","protected":false},"excerpt":{"rendered":"<p>Frisch aus der Druckerpresse! Andr\u00e1s Hamarys Zyklus &#8222;Jelek&#8220; geh\u00f6rt zu den eigenwilligsten und faszinierendsten Klavierkompositionen der letzten Jahre und war zuletzt u.a. in M\u00fcnchen in einem Konzert in der Bayerischen [&hellip;]<\/p>\n","protected":false},"author":1,"featured_media":0,"comment_status":"open","ping_status":"open","sticky":false,"template":"","format":"standard","meta":{"footnotes":""},"categories":[32,15,4],"tags":[],"class_list":["post-703","post","type-post","status-publish","format-standard","hentry","category-andras-hamary","category-info","category-neuerscheinungen"],"_links":{"self":[{"href":"http:\/\/www.musikverlag-nickel.eu\/NEWS-BLOG\/index.php?rest_route=\/wp\/v2\/posts\/703","targetHints":{"allow":["GET"]}}],"collection":[{"href":"http:\/\/www.musikverlag-nickel.eu\/NEWS-BLOG\/index.php?rest_route=\/wp\/v2\/posts"}],"about":[{"href":"http:\/\/www.musikverlag-nickel.eu\/NEWS-BLOG\/index.php?rest_route=\/wp\/v2\/types\/post"}],"author":[{"embeddable":true,"href":"http:\/\/www.musikverlag-nickel.eu\/NEWS-BLOG\/index.php?rest_route=\/wp\/v2\/users\/1"}],"replies":[{"embeddable":true,"href":"http:\/\/www.musikverlag-nickel.eu\/NEWS-BLOG\/index.php?rest_route=%2Fwp%2Fv2%2Fcomments&post=703"}],"version-history":[{"count":2,"href":"http:\/\/www.musikverlag-nickel.eu\/NEWS-BLOG\/index.php?rest_route=\/wp\/v2\/posts\/703\/revisions"}],"predecessor-version":[{"id":706,"href":"http:\/\/www.musikverlag-nickel.eu\/NEWS-BLOG\/index.php?rest_route=\/wp\/v2\/posts\/703\/revisions\/706"}],"wp:attachment":[{"href":"http:\/\/www.musikverlag-nickel.eu\/NEWS-BLOG\/index.php?rest_route=%2Fwp%2Fv2%2Fmedia&parent=703"}],"wp:term":[{"taxonomy":"category","embeddable":true,"href":"http:\/\/www.musikverlag-nickel.eu\/NEWS-BLOG\/index.php?rest_route=%2Fwp%2Fv2%2Fcategories&post=703"},{"taxonomy":"post_tag","embeddable":true,"href":"http:\/\/www.musikverlag-nickel.eu\/NEWS-BLOG\/index.php?rest_route=%2Fwp%2Fv2%2Ftags&post=703"}],"curies":[{"name":"wp","href":"https:\/\/api.w.org\/{rel}","templated":true}]}}