{"id":765,"date":"2016-10-16T21:56:29","date_gmt":"2016-10-16T19:56:29","guid":{"rendered":"http:\/\/www.musikverlag-nickel.eu\/NEWS-BLOG\/?p=765"},"modified":"2016-10-16T21:56:29","modified_gmt":"2016-10-16T19:56:29","slug":"kulturpreis-bayern","status":"publish","type":"post","link":"http:\/\/www.musikverlag-nickel.eu\/NEWS-BLOG\/?p=765","title":{"rendered":"Kulturpreis Bayern"},"content":{"rendered":"<p>Andr\u00e1s Hamary erh\u00e4lt den <a class=\"profileLink\" href=\"https:\/\/www.facebook.com\/kulturpreisbayern\/\" data-hovercard=\"\/ajax\/hovercard\/page.php?id=367129143453662\">Kulturpreis Bayern<\/a> 2016 in der Sparte Musik! Die Auszeichnung wird am 27. Oktober im Rahmen eines Galaabends in Amberg \u00fcberreicht. Wir freuen uns mit dem Komponisten, der ganz sicher zu den kreativsten europ\u00e4ischen K\u00fcnstlern z\u00e4hlt und uns mit seiner unglaublichen F\u00fclle von Ideen und der Poesie und Intelligenz seiner Musik immer wieder erstaunt. Herzlichen Gl\u00fcckwunsch!<\/p>\n","protected":false},"excerpt":{"rendered":"<p>Andr\u00e1s Hamary erh\u00e4lt den Kulturpreis Bayern 2016 in der Sparte Musik! Die Auszeichnung wird am 27. Oktober im Rahmen eines Galaabends in Amberg \u00fcberreicht. Wir freuen uns mit dem Komponisten, [&hellip;]<\/p>\n","protected":false},"author":1,"featured_media":0,"comment_status":"open","ping_status":"open","sticky":false,"template":"","format":"standard","meta":{"footnotes":""},"categories":[1,32],"tags":[],"class_list":["post-765","post","type-post","status-publish","format-standard","hentry","category-allgemein","category-andras-hamary"],"_links":{"self":[{"href":"http:\/\/www.musikverlag-nickel.eu\/NEWS-BLOG\/index.php?rest_route=\/wp\/v2\/posts\/765","targetHints":{"allow":["GET"]}}],"collection":[{"href":"http:\/\/www.musikverlag-nickel.eu\/NEWS-BLOG\/index.php?rest_route=\/wp\/v2\/posts"}],"about":[{"href":"http:\/\/www.musikverlag-nickel.eu\/NEWS-BLOG\/index.php?rest_route=\/wp\/v2\/types\/post"}],"author":[{"embeddable":true,"href":"http:\/\/www.musikverlag-nickel.eu\/NEWS-BLOG\/index.php?rest_route=\/wp\/v2\/users\/1"}],"replies":[{"embeddable":true,"href":"http:\/\/www.musikverlag-nickel.eu\/NEWS-BLOG\/index.php?rest_route=%2Fwp%2Fv2%2Fcomments&post=765"}],"version-history":[{"count":1,"href":"http:\/\/www.musikverlag-nickel.eu\/NEWS-BLOG\/index.php?rest_route=\/wp\/v2\/posts\/765\/revisions"}],"predecessor-version":[{"id":766,"href":"http:\/\/www.musikverlag-nickel.eu\/NEWS-BLOG\/index.php?rest_route=\/wp\/v2\/posts\/765\/revisions\/766"}],"wp:attachment":[{"href":"http:\/\/www.musikverlag-nickel.eu\/NEWS-BLOG\/index.php?rest_route=%2Fwp%2Fv2%2Fmedia&parent=765"}],"wp:term":[{"taxonomy":"category","embeddable":true,"href":"http:\/\/www.musikverlag-nickel.eu\/NEWS-BLOG\/index.php?rest_route=%2Fwp%2Fv2%2Fcategories&post=765"},{"taxonomy":"post_tag","embeddable":true,"href":"http:\/\/www.musikverlag-nickel.eu\/NEWS-BLOG\/index.php?rest_route=%2Fwp%2Fv2%2Ftags&post=765"}],"curies":[{"name":"wp","href":"https:\/\/api.w.org\/{rel}","templated":true}]}}