{"id":771,"date":"2016-11-03T22:47:29","date_gmt":"2016-11-03T20:47:29","guid":{"rendered":"http:\/\/www.musikverlag-nickel.eu\/NEWS-BLOG\/?p=771"},"modified":"2016-11-03T22:47:29","modified_gmt":"2016-11-03T20:47:29","slug":"kulturpreis-bayern-2016-fuer-andras-hamary","status":"publish","type":"post","link":"http:\/\/www.musikverlag-nickel.eu\/NEWS-BLOG\/?p=771","title":{"rendered":"Kulturpreis Bayern 2016 f\u00fcr Andr\u00e1s Hamary"},"content":{"rendered":"<p>Der <a href=\"http:\/\/bayernwerk-ag.mynewsdesk.com\/pressreleases\/kulturpreis-bayern-fuer-aushaengeschilder-des-freistaats-1625419\">Kulturpreis Bayern 2016<\/a> wurde wieder mit viel k\u00fcnstlerischer und politischer Prominenz in Szene gesetzt. In diesem Jahr mit dabei unser Autor Andr\u00e1s Hamary, der den Preis f\u00fcr sein musikalisches Werk erhielt. Hamary ist damit jetzt &#8211; laut Pressemitteilung &#8211; ein &#8222;Aush\u00e4ngeschild des Freistaats&#8220;. Das ist uns aber nat\u00fcrlich schon l\u00e4ngst klar!<\/p>\n<p><a href=\"http:\/\/www.musikverlag-nickel.eu\/NEWS-BLOG\/?attachment_id=644#main\" rel=\"attachment wp-att-644\"><img loading=\"lazy\" decoding=\"async\" class=\"size-medium wp-image-644\" src=\"http:\/\/www.musikverlag-nickel.eu\/NEWS-BLOG\/wp-content\/uploads\/2015\/09\/Andra\u0301s-Hamary-klein-225x300.jpg\" alt=\"andras Hamary  1264\" width=\"225\" height=\"300\" srcset=\"http:\/\/www.musikverlag-nickel.eu\/NEWS-BLOG\/wp-content\/uploads\/2015\/09\/Andra\u0301s-Hamary-klein-225x300.jpg 225w, http:\/\/www.musikverlag-nickel.eu\/NEWS-BLOG\/wp-content\/uploads\/2015\/09\/Andra\u0301s-Hamary-klein-600x800.jpg 600w, http:\/\/www.musikverlag-nickel.eu\/NEWS-BLOG\/wp-content\/uploads\/2015\/09\/Andra\u0301s-Hamary-klein-768x1024.jpg 768w, http:\/\/www.musikverlag-nickel.eu\/NEWS-BLOG\/wp-content\/uploads\/2015\/09\/Andra\u0301s-Hamary-klein-680x907.jpg 680w, http:\/\/www.musikverlag-nickel.eu\/NEWS-BLOG\/wp-content\/uploads\/2015\/09\/Andra\u0301s-Hamary-klein.jpg 800w\" sizes=\"auto, (max-width: 225px) 100vw, 225px\" \/><\/a><\/p>\n","protected":false},"excerpt":{"rendered":"<p>Der Kulturpreis Bayern 2016 wurde wieder mit viel k\u00fcnstlerischer und politischer Prominenz in Szene gesetzt. In diesem Jahr mit dabei unser Autor Andr\u00e1s Hamary, der den Preis f\u00fcr sein musikalisches [&hellip;]<\/p>\n","protected":false},"author":1,"featured_media":0,"comment_status":"open","ping_status":"open","sticky":false,"template":"","format":"standard","meta":{"footnotes":""},"categories":[32,15],"tags":[],"class_list":["post-771","post","type-post","status-publish","format-standard","hentry","category-andras-hamary","category-info"],"_links":{"self":[{"href":"http:\/\/www.musikverlag-nickel.eu\/NEWS-BLOG\/index.php?rest_route=\/wp\/v2\/posts\/771","targetHints":{"allow":["GET"]}}],"collection":[{"href":"http:\/\/www.musikverlag-nickel.eu\/NEWS-BLOG\/index.php?rest_route=\/wp\/v2\/posts"}],"about":[{"href":"http:\/\/www.musikverlag-nickel.eu\/NEWS-BLOG\/index.php?rest_route=\/wp\/v2\/types\/post"}],"author":[{"embeddable":true,"href":"http:\/\/www.musikverlag-nickel.eu\/NEWS-BLOG\/index.php?rest_route=\/wp\/v2\/users\/1"}],"replies":[{"embeddable":true,"href":"http:\/\/www.musikverlag-nickel.eu\/NEWS-BLOG\/index.php?rest_route=%2Fwp%2Fv2%2Fcomments&post=771"}],"version-history":[{"count":3,"href":"http:\/\/www.musikverlag-nickel.eu\/NEWS-BLOG\/index.php?rest_route=\/wp\/v2\/posts\/771\/revisions"}],"predecessor-version":[{"id":774,"href":"http:\/\/www.musikverlag-nickel.eu\/NEWS-BLOG\/index.php?rest_route=\/wp\/v2\/posts\/771\/revisions\/774"}],"wp:attachment":[{"href":"http:\/\/www.musikverlag-nickel.eu\/NEWS-BLOG\/index.php?rest_route=%2Fwp%2Fv2%2Fmedia&parent=771"}],"wp:term":[{"taxonomy":"category","embeddable":true,"href":"http:\/\/www.musikverlag-nickel.eu\/NEWS-BLOG\/index.php?rest_route=%2Fwp%2Fv2%2Fcategories&post=771"},{"taxonomy":"post_tag","embeddable":true,"href":"http:\/\/www.musikverlag-nickel.eu\/NEWS-BLOG\/index.php?rest_route=%2Fwp%2Fv2%2Ftags&post=771"}],"curies":[{"name":"wp","href":"https:\/\/api.w.org\/{rel}","templated":true}]}}