{"id":802,"date":"2016-12-18T17:20:59","date_gmt":"2016-12-18T15:20:59","guid":{"rendered":"http:\/\/www.musikverlag-nickel.eu\/NEWS-BLOG\/?p=802"},"modified":"2016-12-18T17:20:59","modified_gmt":"2016-12-18T15:20:59","slug":"volker-blumenthaler-zum-65-geburtstag-matinee-im-neuen-museum-nuernberg","status":"publish","type":"post","link":"http:\/\/www.musikverlag-nickel.eu\/NEWS-BLOG\/?p=802","title":{"rendered":"Volker Blumenthaler zum 65. Geburtstag: Matinee im Neuen Museum N\u00fcrnberg"},"content":{"rendered":"<div id=\"attachment_804\" style=\"width: 290px\" class=\"wp-caption alignleft\"><a href=\"http:\/\/www.musikverlag-nickel.eu\/NEWS-BLOG\/?attachment_id=804#main\" rel=\"attachment wp-att-804\"><img loading=\"lazy\" decoding=\"async\" aria-describedby=\"caption-attachment-804\" class=\"wp-image-804 size-medium\" src=\"http:\/\/www.musikverlag-nickel.eu\/NEWS-BLOG\/wp-content\/uploads\/2016\/12\/FOTO-2-280x300.jpg\" alt=\"foto-2\" width=\"280\" height=\"300\" srcset=\"http:\/\/www.musikverlag-nickel.eu\/NEWS-BLOG\/wp-content\/uploads\/2016\/12\/FOTO-2-280x300.jpg 280w, http:\/\/www.musikverlag-nickel.eu\/NEWS-BLOG\/wp-content\/uploads\/2016\/12\/FOTO-2-600x642.jpg 600w, http:\/\/www.musikverlag-nickel.eu\/NEWS-BLOG\/wp-content\/uploads\/2016\/12\/FOTO-2-768x822.jpg 768w, http:\/\/www.musikverlag-nickel.eu\/NEWS-BLOG\/wp-content\/uploads\/2016\/12\/FOTO-2-957x1024.jpg 957w, http:\/\/www.musikverlag-nickel.eu\/NEWS-BLOG\/wp-content\/uploads\/2016\/12\/FOTO-2-680x728.jpg 680w, http:\/\/www.musikverlag-nickel.eu\/NEWS-BLOG\/wp-content\/uploads\/2016\/12\/FOTO-2-920x984.jpg 920w\" sizes=\"auto, (max-width: 280px) 100vw, 280px\" \/><\/a><p id=\"caption-attachment-804\" class=\"wp-caption-text\">Radoslaw Szarek bei der UA von &#8222;Gradations&#8220; von Volker Blumenthaler im Neuen Museum N\u00fcrnberg.<\/p><\/div>\n<div id=\"attachment_803\" style=\"width: 310px\" class=\"wp-caption alignleft\"><a href=\"http:\/\/www.musikverlag-nickel.eu\/NEWS-BLOG\/?attachment_id=803#main\" rel=\"attachment wp-att-803\"><img loading=\"lazy\" decoding=\"async\" aria-describedby=\"caption-attachment-803\" class=\"wp-image-803 size-medium\" src=\"http:\/\/www.musikverlag-nickel.eu\/NEWS-BLOG\/wp-content\/uploads\/2016\/12\/FOTO-1-300x190.jpg\" alt=\"foto-1\" width=\"300\" height=\"190\" srcset=\"http:\/\/www.musikverlag-nickel.eu\/NEWS-BLOG\/wp-content\/uploads\/2016\/12\/FOTO-1-300x190.jpg 300w, http:\/\/www.musikverlag-nickel.eu\/NEWS-BLOG\/wp-content\/uploads\/2016\/12\/FOTO-1-600x379.jpg 600w, http:\/\/www.musikverlag-nickel.eu\/NEWS-BLOG\/wp-content\/uploads\/2016\/12\/FOTO-1-768x485.jpg 768w, http:\/\/www.musikverlag-nickel.eu\/NEWS-BLOG\/wp-content\/uploads\/2016\/12\/FOTO-1-1024x647.jpg 1024w, http:\/\/www.musikverlag-nickel.eu\/NEWS-BLOG\/wp-content\/uploads\/2016\/12\/FOTO-1-680x430.jpg 680w, http:\/\/www.musikverlag-nickel.eu\/NEWS-BLOG\/wp-content\/uploads\/2016\/12\/FOTO-1-920x581.jpg 920w\" sizes=\"auto, (max-width: 300px) 100vw, 300px\" \/><\/a><p id=\"caption-attachment-803\" class=\"wp-caption-text\">Johannes Reichert, Radoslaw Szarek, Volker Blumenthaler, Hwei-Lee Blumenthaler-Chang und Wilfried Kr\u00fcger (von links).<\/p><\/div>\n<p>&nbsp;<\/p>\n<p>&nbsp;<\/p>\n<p>&nbsp;<\/p>\n<p>&nbsp;<\/p>\n<p>&nbsp;<\/p>\n<p>&nbsp;<\/p>\n<p>&nbsp;<\/p>\n<p>&nbsp;<\/p>\n<p>&nbsp;<\/p>\n<p>&nbsp;<\/p>\n<p>&nbsp;<\/p>\n<p>Eine sch\u00f6ne Matinee mit Musik von Volker Blumenthaler heute Vormittag im Neuen Museum N\u00fcrnberg. Unter anderem mit den beiden Urauff\u00fchrungen von &#8222;Pensieri d\u00b4inquietezza e di silenzio&#8220; f\u00fcr Violoncello und &#8222;Gradations&#8220; f\u00fcr zwei Kleine Trommeln (erscheint im Fr\u00fchjahr).<\/p>\n","protected":false},"excerpt":{"rendered":"<p>&nbsp; &nbsp; &nbsp; &nbsp; &nbsp; &nbsp; &nbsp; &nbsp; &nbsp; &nbsp; &nbsp; Eine sch\u00f6ne Matinee mit Musik von Volker Blumenthaler heute Vormittag im Neuen Museum N\u00fcrnberg. Unter anderem mit den beiden [&hellip;]<\/p>\n","protected":false},"author":1,"featured_media":0,"comment_status":"open","ping_status":"open","sticky":false,"template":"","format":"standard","meta":{"footnotes":""},"categories":[12,13,18],"tags":[],"class_list":["post-802","post","type-post","status-publish","format-standard","hentry","category-konzerte","category-urauffuehrungen","category-volker-blumenthaler"],"_links":{"self":[{"href":"http:\/\/www.musikverlag-nickel.eu\/NEWS-BLOG\/index.php?rest_route=\/wp\/v2\/posts\/802","targetHints":{"allow":["GET"]}}],"collection":[{"href":"http:\/\/www.musikverlag-nickel.eu\/NEWS-BLOG\/index.php?rest_route=\/wp\/v2\/posts"}],"about":[{"href":"http:\/\/www.musikverlag-nickel.eu\/NEWS-BLOG\/index.php?rest_route=\/wp\/v2\/types\/post"}],"author":[{"embeddable":true,"href":"http:\/\/www.musikverlag-nickel.eu\/NEWS-BLOG\/index.php?rest_route=\/wp\/v2\/users\/1"}],"replies":[{"embeddable":true,"href":"http:\/\/www.musikverlag-nickel.eu\/NEWS-BLOG\/index.php?rest_route=%2Fwp%2Fv2%2Fcomments&post=802"}],"version-history":[{"count":7,"href":"http:\/\/www.musikverlag-nickel.eu\/NEWS-BLOG\/index.php?rest_route=\/wp\/v2\/posts\/802\/revisions"}],"predecessor-version":[{"id":811,"href":"http:\/\/www.musikverlag-nickel.eu\/NEWS-BLOG\/index.php?rest_route=\/wp\/v2\/posts\/802\/revisions\/811"}],"wp:attachment":[{"href":"http:\/\/www.musikverlag-nickel.eu\/NEWS-BLOG\/index.php?rest_route=%2Fwp%2Fv2%2Fmedia&parent=802"}],"wp:term":[{"taxonomy":"category","embeddable":true,"href":"http:\/\/www.musikverlag-nickel.eu\/NEWS-BLOG\/index.php?rest_route=%2Fwp%2Fv2%2Fcategories&post=802"},{"taxonomy":"post_tag","embeddable":true,"href":"http:\/\/www.musikverlag-nickel.eu\/NEWS-BLOG\/index.php?rest_route=%2Fwp%2Fv2%2Ftags&post=802"}],"curies":[{"name":"wp","href":"https:\/\/api.w.org\/{rel}","templated":true}]}}