{"id":817,"date":"2017-02-07T10:27:56","date_gmt":"2017-02-07T08:27:56","guid":{"rendered":"http:\/\/www.musikverlag-nickel.eu\/NEWS-BLOG\/?p=817"},"modified":"2017-02-07T10:27:56","modified_gmt":"2017-02-07T08:27:56","slug":"wir-unterstuetzen-jugend-musiziert","status":"publish","type":"post","link":"http:\/\/www.musikverlag-nickel.eu\/NEWS-BLOG\/?p=817","title":{"rendered":"Wir unterst\u00fctzen Jugend Musiziert"},"content":{"rendered":"<p><a href=\"http:\/\/www.musikverlag-nickel.eu\/NEWS-BLOG\/?attachment_id=818#main\" rel=\"attachment wp-att-818\"><img loading=\"lazy\" decoding=\"async\" class=\"alignleft  wp-image-818\" src=\"http:\/\/www.musikverlag-nickel.eu\/NEWS-BLOG\/wp-content\/uploads\/2017\/02\/20170206_110329-300x164.jpg\" alt=\"\" width=\"407\" height=\"222\" srcset=\"http:\/\/www.musikverlag-nickel.eu\/NEWS-BLOG\/wp-content\/uploads\/2017\/02\/20170206_110329-300x164.jpg 300w, http:\/\/www.musikverlag-nickel.eu\/NEWS-BLOG\/wp-content\/uploads\/2017\/02\/20170206_110329-600x328.jpg 600w, http:\/\/www.musikverlag-nickel.eu\/NEWS-BLOG\/wp-content\/uploads\/2017\/02\/20170206_110329-768x420.jpg 768w, http:\/\/www.musikverlag-nickel.eu\/NEWS-BLOG\/wp-content\/uploads\/2017\/02\/20170206_110329-1024x559.jpg 1024w, http:\/\/www.musikverlag-nickel.eu\/NEWS-BLOG\/wp-content\/uploads\/2017\/02\/20170206_110329-680x371.jpg 680w, http:\/\/www.musikverlag-nickel.eu\/NEWS-BLOG\/wp-content\/uploads\/2017\/02\/20170206_110329-920x503.jpg 920w\" sizes=\"auto, (max-width: 407px) 100vw, 407px\" \/><\/a>Claus Christianus (hier links im Programmheft von Jugend Musiziert 2017) ist langj\u00e4hriger Leiter von Jugend Musiziert hier in M\u00fcnchen. Seine Verdienste um den Nachwuchs sind kaum hoch genug einzusch\u00e4tzen. Daf\u00fcr wurde er inzwischen u.a. mit dem Bundesverdienstkreuz geehrt. Der <a id=\"js_b3x\" class=\"profileLink\" href=\"https:\/\/www.facebook.com\/MusikverlagNickel\/?ref=page_internal\" data-hovercard=\"\/ajax\/hovercard\/page.php?id=153255741650\" data-hovercard-prefer-more-content-show=\"1\">Musikverlag V. Nickel, M\u00fcnchen<\/a> unterst\u00fctzt Jugend Musiziert.<\/p>\n","protected":false},"excerpt":{"rendered":"<p>Claus Christianus (hier links im Programmheft von Jugend Musiziert 2017) ist langj\u00e4hriger Leiter von Jugend Musiziert hier in M\u00fcnchen. Seine Verdienste um den Nachwuchs sind kaum hoch genug einzusch\u00e4tzen. Daf\u00fcr [&hellip;]<\/p>\n","protected":false},"author":1,"featured_media":0,"comment_status":"open","ping_status":"open","sticky":false,"template":"","format":"standard","meta":{"footnotes":""},"categories":[1,32,15],"tags":[],"class_list":["post-817","post","type-post","status-publish","format-standard","hentry","category-allgemein","category-andras-hamary","category-info"],"_links":{"self":[{"href":"http:\/\/www.musikverlag-nickel.eu\/NEWS-BLOG\/index.php?rest_route=\/wp\/v2\/posts\/817","targetHints":{"allow":["GET"]}}],"collection":[{"href":"http:\/\/www.musikverlag-nickel.eu\/NEWS-BLOG\/index.php?rest_route=\/wp\/v2\/posts"}],"about":[{"href":"http:\/\/www.musikverlag-nickel.eu\/NEWS-BLOG\/index.php?rest_route=\/wp\/v2\/types\/post"}],"author":[{"embeddable":true,"href":"http:\/\/www.musikverlag-nickel.eu\/NEWS-BLOG\/index.php?rest_route=\/wp\/v2\/users\/1"}],"replies":[{"embeddable":true,"href":"http:\/\/www.musikverlag-nickel.eu\/NEWS-BLOG\/index.php?rest_route=%2Fwp%2Fv2%2Fcomments&post=817"}],"version-history":[{"count":2,"href":"http:\/\/www.musikverlag-nickel.eu\/NEWS-BLOG\/index.php?rest_route=\/wp\/v2\/posts\/817\/revisions"}],"predecessor-version":[{"id":820,"href":"http:\/\/www.musikverlag-nickel.eu\/NEWS-BLOG\/index.php?rest_route=\/wp\/v2\/posts\/817\/revisions\/820"}],"wp:attachment":[{"href":"http:\/\/www.musikverlag-nickel.eu\/NEWS-BLOG\/index.php?rest_route=%2Fwp%2Fv2%2Fmedia&parent=817"}],"wp:term":[{"taxonomy":"category","embeddable":true,"href":"http:\/\/www.musikverlag-nickel.eu\/NEWS-BLOG\/index.php?rest_route=%2Fwp%2Fv2%2Fcategories&post=817"},{"taxonomy":"post_tag","embeddable":true,"href":"http:\/\/www.musikverlag-nickel.eu\/NEWS-BLOG\/index.php?rest_route=%2Fwp%2Fv2%2Ftags&post=817"}],"curies":[{"name":"wp","href":"https:\/\/api.w.org\/{rel}","templated":true}]}}