{"id":979,"date":"2017-12-05T09:50:36","date_gmt":"2017-12-05T07:50:36","guid":{"rendered":"http:\/\/www.musikverlag-nickel.eu\/NEWS-BLOG\/?p=979"},"modified":"2017-12-05T09:50:36","modified_gmt":"2017-12-05T07:50:36","slug":"musikfest-in-memoriam-wilhelm-killmayer","status":"publish","type":"post","link":"http:\/\/www.musikverlag-nickel.eu\/NEWS-BLOG\/?p=979","title":{"rendered":"Musikfest in memoriam Wilhelm Killmayer"},"content":{"rendered":"<p><a href=\"http:\/\/www.musikverlag-nickel.eu\/NEWS-BLOG\/?attachment_id=330#main\" rel=\"attachment wp-att-330\"><img loading=\"lazy\" decoding=\"async\" class=\"alignleft size-medium wp-image-330\" src=\"http:\/\/www.musikverlag-nickel.eu\/NEWS-BLOG\/wp-content\/uploads\/2014\/10\/Killmayer-Schmitt-Kopie-300x225.jpg\" alt=\"\" width=\"300\" height=\"225\" srcset=\"http:\/\/www.musikverlag-nickel.eu\/NEWS-BLOG\/wp-content\/uploads\/2014\/10\/Killmayer-Schmitt-Kopie-300x225.jpg 300w, http:\/\/www.musikverlag-nickel.eu\/NEWS-BLOG\/wp-content\/uploads\/2014\/10\/Killmayer-Schmitt-Kopie-600x450.jpg 600w, http:\/\/www.musikverlag-nickel.eu\/NEWS-BLOG\/wp-content\/uploads\/2014\/10\/Killmayer-Schmitt-Kopie-1024x768.jpg 1024w, http:\/\/www.musikverlag-nickel.eu\/NEWS-BLOG\/wp-content\/uploads\/2014\/10\/Killmayer-Schmitt-Kopie-680x510.jpg 680w, http:\/\/www.musikverlag-nickel.eu\/NEWS-BLOG\/wp-content\/uploads\/2014\/10\/Killmayer-Schmitt-Kopie-920x690.jpg 920w, http:\/\/www.musikverlag-nickel.eu\/NEWS-BLOG\/wp-content\/uploads\/2014\/10\/Killmayer-Schmitt-Kopie.jpg 1417w\" sizes=\"auto, (max-width: 300px) 100vw, 300px\" \/><\/a>Ein sch\u00f6n gestaltetes <a href=\"http:\/\/www.adevantgarde.de\/\">Musikfest in memoriam Wilhelm Killmayer<\/a> gibt es vom 5. bis 11. Dezember in M\u00fcnchen zu h\u00f6ren. Neben viel Musik von Wilhelm Killmayer gibt es Kompositionen von Freunden, Weggef\u00e4hrten und Sch\u00fclern. Darunter \u201eAlpluft\u201c und \u201eSostenuto\u201c von Markus Schmitt, der als Mitinitiator des Musikfestes im Pre-Konzert zusammen mit Max Becksch\u00e4fer und Moritz Eggert im gemeinsamen Gespr\u00e4ch das Werk Wilhelm Killmayers n\u00e4her bringen und weiter beleuchten wird.<\/p>\n<p>&nbsp;<\/p>\n","protected":false},"excerpt":{"rendered":"<p>Ein sch\u00f6n gestaltetes Musikfest in memoriam Wilhelm Killmayer gibt es vom 5. bis 11. Dezember in M\u00fcnchen zu h\u00f6ren. Neben viel Musik von Wilhelm Killmayer gibt es Kompositionen von Freunden, [&hellip;]<\/p>\n","protected":false},"author":1,"featured_media":0,"comment_status":"open","ping_status":"open","sticky":false,"template":"","format":"standard","meta":{"footnotes":""},"categories":[12,7,21],"tags":[],"class_list":["post-979","post","type-post","status-publish","format-standard","hentry","category-konzerte","category-markus-schmitt","category-wilhelm-killmayer"],"_links":{"self":[{"href":"http:\/\/www.musikverlag-nickel.eu\/NEWS-BLOG\/index.php?rest_route=\/wp\/v2\/posts\/979","targetHints":{"allow":["GET"]}}],"collection":[{"href":"http:\/\/www.musikverlag-nickel.eu\/NEWS-BLOG\/index.php?rest_route=\/wp\/v2\/posts"}],"about":[{"href":"http:\/\/www.musikverlag-nickel.eu\/NEWS-BLOG\/index.php?rest_route=\/wp\/v2\/types\/post"}],"author":[{"embeddable":true,"href":"http:\/\/www.musikverlag-nickel.eu\/NEWS-BLOG\/index.php?rest_route=\/wp\/v2\/users\/1"}],"replies":[{"embeddable":true,"href":"http:\/\/www.musikverlag-nickel.eu\/NEWS-BLOG\/index.php?rest_route=%2Fwp%2Fv2%2Fcomments&post=979"}],"version-history":[{"count":2,"href":"http:\/\/www.musikverlag-nickel.eu\/NEWS-BLOG\/index.php?rest_route=\/wp\/v2\/posts\/979\/revisions"}],"predecessor-version":[{"id":981,"href":"http:\/\/www.musikverlag-nickel.eu\/NEWS-BLOG\/index.php?rest_route=\/wp\/v2\/posts\/979\/revisions\/981"}],"wp:attachment":[{"href":"http:\/\/www.musikverlag-nickel.eu\/NEWS-BLOG\/index.php?rest_route=%2Fwp%2Fv2%2Fmedia&parent=979"}],"wp:term":[{"taxonomy":"category","embeddable":true,"href":"http:\/\/www.musikverlag-nickel.eu\/NEWS-BLOG\/index.php?rest_route=%2Fwp%2Fv2%2Fcategories&post=979"},{"taxonomy":"post_tag","embeddable":true,"href":"http:\/\/www.musikverlag-nickel.eu\/NEWS-BLOG\/index.php?rest_route=%2Fwp%2Fv2%2Ftags&post=979"}],"curies":[{"name":"wp","href":"https:\/\/api.w.org\/{rel}","templated":true}]}}