{"id":263,"date":"2014-08-07T14:12:12","date_gmt":"2014-08-07T12:12:12","guid":{"rendered":"http:\/\/www.musikverlag-nickel.eu\/NEWS-BLOG\/?p=263"},"modified":"2014-08-07T14:12:13","modified_gmt":"2014-08-07T12:12:13","slug":"markus-schmitt-nidere-minne","status":"publish","type":"post","link":"https:\/\/www.musikverlag-nickel.eu\/NEWS-BLOG\/?p=263","title":{"rendered":"Markus Schmitt: nidere minne"},"content":{"rendered":"<p>&#8222;nidere minne ist eine augenzwinkernde Reverenz an das sp\u00e4tmittelalterliche Tagelied, mit fr\u00fchmorgendlichen Naturlauten, ersten Sonnenstrahlen, erwachendem Vogelgezwitscher und einer von hektischer Eile getriebenen Morgengymnastik in verzwickten Metren. Das St\u00fcck wurde 1998 f\u00fcr das Ensemble plein air geschrieben, die vorliegende Solo-Version f\u00fcr Piccolofl\u00f6te entstand 2008\/09, angeregt durch die virtuose Vielseitigkeit des Fl\u00f6tisten Daniel Agi.&#8220; (Markus Schmitt, Augsburg 2014)<\/p>\n<p><a href=\"http:\/\/www.musikverlag-nickel.eu\/NEWS-BLOG\/wp-content\/uploads\/2014\/08\/MVN-48_Bild-1.jpg\"><img loading=\"lazy\" decoding=\"async\" class=\"alignleft size-medium wp-image-264\" src=\"http:\/\/www.musikverlag-nickel.eu\/NEWS-BLOG\/wp-content\/uploads\/2014\/08\/MVN-48_Bild-1-212x300.jpg\" alt=\"MVN 48_Bild 1\" width=\"212\" height=\"300\" srcset=\"https:\/\/www.musikverlag-nickel.eu\/NEWS-BLOG\/wp-content\/uploads\/2014\/08\/MVN-48_Bild-1-212x300.jpg 212w, https:\/\/www.musikverlag-nickel.eu\/NEWS-BLOG\/wp-content\/uploads\/2014\/08\/MVN-48_Bild-1-600x848.jpg 600w, https:\/\/www.musikverlag-nickel.eu\/NEWS-BLOG\/wp-content\/uploads\/2014\/08\/MVN-48_Bild-1-724x1024.jpg 724w, https:\/\/www.musikverlag-nickel.eu\/NEWS-BLOG\/wp-content\/uploads\/2014\/08\/MVN-48_Bild-1.jpg 1240w\" sizes=\"auto, (max-width: 212px) 100vw, 212px\" \/><\/a>\u00a0 <a href=\"http:\/\/www.musikverlag-nickel.eu\/NEWS-BLOG\/wp-content\/uploads\/2014\/08\/MVN-48_Bild-2.jpg\"><img loading=\"lazy\" decoding=\"async\" class=\"alignleft size-medium wp-image-265\" src=\"http:\/\/www.musikverlag-nickel.eu\/NEWS-BLOG\/wp-content\/uploads\/2014\/08\/MVN-48_Bild-2-211x300.jpg\" alt=\"MVN 48_Bild 2\" width=\"211\" height=\"300\" srcset=\"https:\/\/www.musikverlag-nickel.eu\/NEWS-BLOG\/wp-content\/uploads\/2014\/08\/MVN-48_Bild-2-211x300.jpg 211w, https:\/\/www.musikverlag-nickel.eu\/NEWS-BLOG\/wp-content\/uploads\/2014\/08\/MVN-48_Bild-2-600x849.jpg 600w, https:\/\/www.musikverlag-nickel.eu\/NEWS-BLOG\/wp-content\/uploads\/2014\/08\/MVN-48_Bild-2-723x1024.jpg 723w, https:\/\/www.musikverlag-nickel.eu\/NEWS-BLOG\/wp-content\/uploads\/2014\/08\/MVN-48_Bild-2.jpg 1239w\" sizes=\"auto, (max-width: 211px) 100vw, 211px\" \/><\/a><\/p>\n","protected":false},"excerpt":{"rendered":"<p>&#8222;nidere minne ist eine augenzwinkernde Reverenz an das sp\u00e4tmittelalterliche Tagelied, mit fr\u00fchmorgendlichen Naturlauten, ersten Sonnenstrahlen, erwachendem Vogelgezwitscher und einer von hektischer Eile getriebenen Morgengymnastik in verzwickten Metren. Das St\u00fcck wurde [&hellip;]<\/p>\n","protected":false},"author":1,"featured_media":0,"comment_status":"open","ping_status":"open","sticky":false,"template":"","format":"standard","meta":{"footnotes":""},"categories":[15,7,4],"tags":[],"class_list":["post-263","post","type-post","status-publish","format-standard","hentry","category-info","category-markus-schmitt","category-neuerscheinungen"],"_links":{"self":[{"href":"https:\/\/www.musikverlag-nickel.eu\/NEWS-BLOG\/index.php?rest_route=\/wp\/v2\/posts\/263","targetHints":{"allow":["GET"]}}],"collection":[{"href":"https:\/\/www.musikverlag-nickel.eu\/NEWS-BLOG\/index.php?rest_route=\/wp\/v2\/posts"}],"about":[{"href":"https:\/\/www.musikverlag-nickel.eu\/NEWS-BLOG\/index.php?rest_route=\/wp\/v2\/types\/post"}],"author":[{"embeddable":true,"href":"https:\/\/www.musikverlag-nickel.eu\/NEWS-BLOG\/index.php?rest_route=\/wp\/v2\/users\/1"}],"replies":[{"embeddable":true,"href":"https:\/\/www.musikverlag-nickel.eu\/NEWS-BLOG\/index.php?rest_route=%2Fwp%2Fv2%2Fcomments&post=263"}],"version-history":[{"count":1,"href":"https:\/\/www.musikverlag-nickel.eu\/NEWS-BLOG\/index.php?rest_route=\/wp\/v2\/posts\/263\/revisions"}],"predecessor-version":[{"id":266,"href":"https:\/\/www.musikverlag-nickel.eu\/NEWS-BLOG\/index.php?rest_route=\/wp\/v2\/posts\/263\/revisions\/266"}],"wp:attachment":[{"href":"https:\/\/www.musikverlag-nickel.eu\/NEWS-BLOG\/index.php?rest_route=%2Fwp%2Fv2%2Fmedia&parent=263"}],"wp:term":[{"taxonomy":"category","embeddable":true,"href":"https:\/\/www.musikverlag-nickel.eu\/NEWS-BLOG\/index.php?rest_route=%2Fwp%2Fv2%2Fcategories&post=263"},{"taxonomy":"post_tag","embeddable":true,"href":"https:\/\/www.musikverlag-nickel.eu\/NEWS-BLOG\/index.php?rest_route=%2Fwp%2Fv2%2Ftags&post=263"}],"curies":[{"name":"wp","href":"https:\/\/api.w.org\/{rel}","templated":true}]}}