{"id":740,"date":"2016-07-11T09:44:51","date_gmt":"2016-07-11T07:44:51","guid":{"rendered":"http:\/\/www.musikverlag-nickel.eu\/NEWS-BLOG\/?p=740"},"modified":"2016-07-12T08:47:05","modified_gmt":"2016-07-12T06:47:05","slug":"erik-satie-bearbeitungen-fuer-blaeserquintett","status":"publish","type":"post","link":"https:\/\/www.musikverlag-nickel.eu\/NEWS-BLOG\/?p=740","title":{"rendered":"Erik Satie: Bearbeitungen f\u00fcr Bl\u00e4serquintett"},"content":{"rendered":"<p><a href=\"http:\/\/www.musikverlag-nickel.eu\/NEWS-BLOG\/?attachment_id=741#main\" rel=\"attachment wp-att-741\"><img loading=\"lazy\" decoding=\"async\" class=\"alignleft size-medium wp-image-741\" src=\"http:\/\/www.musikverlag-nickel.eu\/NEWS-BLOG\/wp-content\/uploads\/2016\/07\/Erik-Satie-Suzanne-Valadon-Kopie-167x300.jpg\" alt=\"Erik Satie (Suzanne Valadon) Kopie\" width=\"167\" height=\"300\" srcset=\"https:\/\/www.musikverlag-nickel.eu\/NEWS-BLOG\/wp-content\/uploads\/2016\/07\/Erik-Satie-Suzanne-Valadon-Kopie-167x300.jpg 167w, https:\/\/www.musikverlag-nickel.eu\/NEWS-BLOG\/wp-content\/uploads\/2016\/07\/Erik-Satie-Suzanne-Valadon-Kopie-600x1080.jpg 600w, https:\/\/www.musikverlag-nickel.eu\/NEWS-BLOG\/wp-content\/uploads\/2016\/07\/Erik-Satie-Suzanne-Valadon-Kopie-569x1024.jpg 569w, https:\/\/www.musikverlag-nickel.eu\/NEWS-BLOG\/wp-content\/uploads\/2016\/07\/Erik-Satie-Suzanne-Valadon-Kopie-680x1224.jpg 680w, https:\/\/www.musikverlag-nickel.eu\/NEWS-BLOG\/wp-content\/uploads\/2016\/07\/Erik-Satie-Suzanne-Valadon-Kopie.jpg 756w\" sizes=\"auto, (max-width: 167px) 100vw, 167px\" \/><\/a>\u201eAls ich jung war, hat man mir gesagt: Warte nur, bis du f\u00fcnfzig bist, dann wirst du schon sehen. Jetzt bin ich f\u00fcnfzig und sehe absolut nichts.\u201c, sagte Erik Satie anl\u00e4sslich seines 50. Geburtstags.<br \/>\nZum 150. gratulieren wir nun mit zwei Bearbeitungen von Markus Schmitt:<br \/>\nErik Saties &#8222;trois nocturnes&#8220;, &#8222;les trois valses distingu\u00e9es du pr\u00e9cieux d\u00e9gout\u00e9&#8220; und &#8222;avant-derni\u00e8res pens\u00e9es&#8220; in einer neuen Fassung f\u00fcr Bl\u00e4serquintett.<\/p>\n","protected":false},"excerpt":{"rendered":"<p>\u201eAls ich jung war, hat man mir gesagt: Warte nur, bis du f\u00fcnfzig bist, dann wirst du schon sehen. Jetzt bin ich f\u00fcnfzig und sehe absolut nichts.\u201c, sagte Erik Satie [&hellip;]<\/p>\n","protected":false},"author":1,"featured_media":0,"comment_status":"open","ping_status":"open","sticky":false,"template":"","format":"standard","meta":{"footnotes":""},"categories":[7,4],"tags":[],"class_list":["post-740","post","type-post","status-publish","format-standard","hentry","category-markus-schmitt","category-neuerscheinungen"],"_links":{"self":[{"href":"https:\/\/www.musikverlag-nickel.eu\/NEWS-BLOG\/index.php?rest_route=\/wp\/v2\/posts\/740","targetHints":{"allow":["GET"]}}],"collection":[{"href":"https:\/\/www.musikverlag-nickel.eu\/NEWS-BLOG\/index.php?rest_route=\/wp\/v2\/posts"}],"about":[{"href":"https:\/\/www.musikverlag-nickel.eu\/NEWS-BLOG\/index.php?rest_route=\/wp\/v2\/types\/post"}],"author":[{"embeddable":true,"href":"https:\/\/www.musikverlag-nickel.eu\/NEWS-BLOG\/index.php?rest_route=\/wp\/v2\/users\/1"}],"replies":[{"embeddable":true,"href":"https:\/\/www.musikverlag-nickel.eu\/NEWS-BLOG\/index.php?rest_route=%2Fwp%2Fv2%2Fcomments&post=740"}],"version-history":[{"count":3,"href":"https:\/\/www.musikverlag-nickel.eu\/NEWS-BLOG\/index.php?rest_route=\/wp\/v2\/posts\/740\/revisions"}],"predecessor-version":[{"id":744,"href":"https:\/\/www.musikverlag-nickel.eu\/NEWS-BLOG\/index.php?rest_route=\/wp\/v2\/posts\/740\/revisions\/744"}],"wp:attachment":[{"href":"https:\/\/www.musikverlag-nickel.eu\/NEWS-BLOG\/index.php?rest_route=%2Fwp%2Fv2%2Fmedia&parent=740"}],"wp:term":[{"taxonomy":"category","embeddable":true,"href":"https:\/\/www.musikverlag-nickel.eu\/NEWS-BLOG\/index.php?rest_route=%2Fwp%2Fv2%2Fcategories&post=740"},{"taxonomy":"post_tag","embeddable":true,"href":"https:\/\/www.musikverlag-nickel.eu\/NEWS-BLOG\/index.php?rest_route=%2Fwp%2Fv2%2Ftags&post=740"}],"curies":[{"name":"wp","href":"https:\/\/api.w.org\/{rel}","templated":true}]}}